{"id":3273,"date":"2025-10-07T13:07:58","date_gmt":"2025-10-07T11:07:58","guid":{"rendered":"https:\/\/lebrascommunication.fr\/ventes\/?p=3273"},"modified":"2025-10-07T13:09:56","modified_gmt":"2025-10-07T11:09:56","slug":"nos-produits-par-categories","status":"publish","type":"post","link":"https:\/\/lebrascommunication.fr\/ventes\/2025\/10\/07\/nos-produits-par-categories\/","title":{"rendered":"Nos Produits par cat\u00e9gories"},"content":{"rendered":"<div class=\"woocommerce columns-4\"><ul class=\"products columns-4\">\n<li class=\"product-category product first\">\n\t<a aria-label=\"Acc\u00e9der \u00e0 la cat\u00e9gorie de produits Accessoires\" href=\"https:\/\/lebrascommunication.fr\/ventes\/categorie-produit\/accessoires\/\"><img loading=\"lazy\" decoding=\"async\" src=\"https:\/\/lebrascommunication.fr\/ventes\/wp-content\/uploads\/sites\/2\/2025\/10\/lebras-communication-defaut-placeholder-624x624-1-300x300.png\" alt=\"Accessoires\" width=\"300\" height=\"300\" \/>\t\t<h2 class=\"woocommerce-loop-category__title bbbb\">\n\t\t<span>\n\t\t\tAccessoires <mark class=\"count\">(22)<\/mark><\/span>\n\t\t<\/h2>\n\t\t<\/a><\/li>\n<li class=\"product-category product\">\n\t<a aria-label=\"Acc\u00e9der \u00e0 la cat\u00e9gorie de produits Accessoires pour bases ou mobiles Motorola\" href=\"https:\/\/lebrascommunication.fr\/ventes\/categorie-produit\/accessoires-pour-bases-ou-mobiles-motorola\/\"><img loading=\"lazy\" decoding=\"async\" src=\"https:\/\/lebrascommunication.fr\/ventes\/wp-content\/uploads\/sites\/2\/2018\/01\/282-f76-Accessoires-300x300.jpg\" alt=\"Accessoires pour bases ou mobiles Motorola\" width=\"300\" height=\"300\" srcset=\"https:\/\/lebrascommunication.fr\/ventes\/wp-content\/uploads\/sites\/2\/2018\/01\/282-f76-Accessoires-300x300.jpg 300w, https:\/\/lebrascommunication.fr\/ventes\/wp-content\/uploads\/sites\/2\/2018\/01\/282-f76-Accessoires-150x150.jpg 150w, https:\/\/lebrascommunication.fr\/ventes\/wp-content\/uploads\/sites\/2\/2018\/01\/282-f76-Accessoires-768x768.jpg 768w, https:\/\/lebrascommunication.fr\/ventes\/wp-content\/uploads\/sites\/2\/2018\/01\/282-f76-Accessoires-624x624.jpg 624w, https:\/\/lebrascommunication.fr\/ventes\/wp-content\/uploads\/sites\/2\/2018\/01\/282-f76-Accessoires-600x600.jpg 600w, https:\/\/lebrascommunication.fr\/ventes\/wp-content\/uploads\/sites\/2\/2018\/01\/282-f76-Accessoires-360x360.jpg 360w, https:\/\/lebrascommunication.fr\/ventes\/wp-content\/uploads\/sites\/2\/2018\/01\/282-f76-Accessoires.jpg 1000w\" sizes=\"auto, (max-width: 300px) 100vw, 300px\" \/>\t\t<h2 class=\"woocommerce-loop-category__title bbbb\">\n\t\t<span>\n\t\t\tAccessoires pour bases ou mobiles Motorola <mark class=\"count\">(47)<\/mark><\/span>\n\t\t<\/h2>\n\t\t<\/a><\/li>\n<li class=\"product-category product\">\n\t<a aria-label=\"Acc\u00e9der \u00e0 la cat\u00e9gorie de produits Accessoires talkies Motorola\" href=\"https:\/\/lebrascommunication.fr\/ventes\/categorie-produit\/accessoires-talkies-motorola\/\"><img loading=\"lazy\" decoding=\"async\" src=\"https:\/\/lebrascommunication.fr\/ventes\/wp-content\/uploads\/sites\/2\/2015\/12\/48-8fa-Motorola-DMR-300x300.jpg\" alt=\"Accessoires talkies Motorola\" width=\"300\" height=\"300\" srcset=\"https:\/\/lebrascommunication.fr\/ventes\/wp-content\/uploads\/sites\/2\/2015\/12\/48-8fa-Motorola-DMR-300x300.jpg 300w, https:\/\/lebrascommunication.fr\/ventes\/wp-content\/uploads\/sites\/2\/2015\/12\/48-8fa-Motorola-DMR-150x150.jpg 150w, https:\/\/lebrascommunication.fr\/ventes\/wp-content\/uploads\/sites\/2\/2015\/12\/48-8fa-Motorola-DMR-768x768.jpg 768w, https:\/\/lebrascommunication.fr\/ventes\/wp-content\/uploads\/sites\/2\/2015\/12\/48-8fa-Motorola-DMR-624x624.jpg 624w, https:\/\/lebrascommunication.fr\/ventes\/wp-content\/uploads\/sites\/2\/2015\/12\/48-8fa-Motorola-DMR-600x600.jpg 600w, https:\/\/lebrascommunication.fr\/ventes\/wp-content\/uploads\/sites\/2\/2015\/12\/48-8fa-Motorola-DMR-360x360.jpg 360w, https:\/\/lebrascommunication.fr\/ventes\/wp-content\/uploads\/sites\/2\/2015\/12\/48-8fa-Motorola-DMR.jpg 900w\" sizes=\"auto, (max-width: 300px) 100vw, 300px\" \/>\t\t<h2 class=\"woocommerce-loop-category__title bbbb\">\n\t\t<span>\n\t\t\tAccessoires talkies Motorola <mark class=\"count\">(273)<\/mark><\/span>\n\t\t<\/h2>\n\t\t<\/a><\/li>\n<li class=\"product-category product last\">\n\t<a aria-label=\"Acc\u00e9der \u00e0 la cat\u00e9gorie de produits Base \/ mobile Motorola\" href=\"https:\/\/lebrascommunication.fr\/ventes\/categorie-produit\/base-mobile-motorola-2\/\"><img loading=\"lazy\" decoding=\"async\" src=\"https:\/\/lebrascommunication.fr\/ventes\/wp-content\/uploads\/sites\/2\/2025\/10\/lebras-communication-defaut-placeholder-624x624-1-300x300.png\" alt=\"Base \/ mobile Motorola\" width=\"300\" height=\"300\" \/>\t\t<h2 class=\"woocommerce-loop-category__title bbbb\">\n\t\t<span>\n\t\t\tBase \/ mobile Motorola <mark class=\"count\">(3)<\/mark><\/span>\n\t\t<\/h2>\n\t\t<\/a><\/li>\n<li class=\"product-category product first\">\n\t<a aria-label=\"Acc\u00e9der \u00e0 la cat\u00e9gorie de produits Hytera Pro\" href=\"https:\/\/lebrascommunication.fr\/ventes\/categorie-produit\/hytera-pro\/\"><img loading=\"lazy\" decoding=\"async\" src=\"https:\/\/lebrascommunication.fr\/ventes\/wp-content\/uploads\/sites\/2\/2025\/07\/logo-hytera-e1753366131143-300x288.png\" alt=\"Hytera Pro\" width=\"300\" height=\"300\" \/>\t\t<h2 class=\"woocommerce-loop-category__title bbbb\">\n\t\t<span>\n\t\t\tHytera Pro <mark class=\"count\">(1)<\/mark><\/span>\n\t\t<\/h2>\n\t\t<\/a><\/li>\n<li class=\"product-category product\">\n\t<a aria-label=\"Acc\u00e9der \u00e0 la cat\u00e9gorie de produits Icom Pro\" href=\"https:\/\/lebrascommunication.fr\/ventes\/categorie-produit\/icom-pro\/\"><img loading=\"lazy\" decoding=\"async\" src=\"https:\/\/lebrascommunication.fr\/ventes\/wp-content\/uploads\/sites\/2\/2018\/01\/285-454-Icom-300x165.jpg\" alt=\"Icom Pro\" width=\"300\" height=\"300\" \/>\t\t<h2 class=\"woocommerce-loop-category__title bbbb\">\n\t\t<span>\n\t\t\tIcom Pro <mark class=\"count\">(163)<\/mark><\/span>\n\t\t<\/h2>\n\t\t<\/a><\/li>\n<li class=\"product-category product\">\n\t<a aria-label=\"Acc\u00e9der \u00e0 la cat\u00e9gorie de produits Kenwood Pro\" href=\"https:\/\/lebrascommunication.fr\/ventes\/categorie-produit\/kenwood-pro\/\"><img loading=\"lazy\" decoding=\"async\" src=\"https:\/\/lebrascommunication.fr\/ventes\/wp-content\/uploads\/sites\/2\/2016\/11\/225-e4d-Relais-Kenwood-300x246.jpg\" alt=\"Kenwood Pro\" width=\"300\" height=\"300\" \/>\t\t<h2 class=\"woocommerce-loop-category__title bbbb\">\n\t\t<span>\n\t\t\tKenwood Pro <mark class=\"count\">(4)<\/mark><\/span>\n\t\t<\/h2>\n\t\t<\/a><\/li>\n<li class=\"product-category product last\">\n\t<a aria-label=\"Acc\u00e9der \u00e0 la cat\u00e9gorie de produits Non class\u00e9\" href=\"https:\/\/lebrascommunication.fr\/ventes\/categorie-produit\/non-classe\/\"><img loading=\"lazy\" decoding=\"async\" src=\"https:\/\/lebrascommunication.fr\/ventes\/wp-content\/uploads\/sites\/2\/2025\/10\/lebras-communication-defaut-placeholder-624x624-1-300x300.png\" alt=\"Non class\u00e9\" width=\"300\" height=\"300\" \/>\t\t<h2 class=\"woocommerce-loop-category__title bbbb\">\n\t\t<span>\n\t\t\tNon class\u00e9 <mark class=\"count\">(1)<\/mark><\/span>\n\t\t<\/h2>\n\t\t<\/a><\/li>\n<li class=\"product-category product first\">\n\t<a aria-label=\"Acc\u00e9der \u00e0 la cat\u00e9gorie de produits Radio communication sans licence\" href=\"https:\/\/lebrascommunication.fr\/ventes\/categorie-produit\/radio-communication-sans-licence\/\"><img loading=\"lazy\" decoding=\"async\" src=\"https:\/\/lebrascommunication.fr\/ventes\/wp-content\/uploads\/sites\/2\/2015\/12\/34-575-Talkies-sans-licence-300x300.jpg\" alt=\"Radio communication sans licence\" width=\"300\" height=\"300\" srcset=\"https:\/\/lebrascommunication.fr\/ventes\/wp-content\/uploads\/sites\/2\/2015\/12\/34-575-Talkies-sans-licence-300x300.jpg 300w, https:\/\/lebrascommunication.fr\/ventes\/wp-content\/uploads\/sites\/2\/2015\/12\/34-575-Talkies-sans-licence-150x150.jpg 150w, https:\/\/lebrascommunication.fr\/ventes\/wp-content\/uploads\/sites\/2\/2015\/12\/34-575-Talkies-sans-licence-768x768.jpg 768w, https:\/\/lebrascommunication.fr\/ventes\/wp-content\/uploads\/sites\/2\/2015\/12\/34-575-Talkies-sans-licence-624x624.jpg 624w, https:\/\/lebrascommunication.fr\/ventes\/wp-content\/uploads\/sites\/2\/2015\/12\/34-575-Talkies-sans-licence-600x600.jpg 600w, https:\/\/lebrascommunication.fr\/ventes\/wp-content\/uploads\/sites\/2\/2015\/12\/34-575-Talkies-sans-licence-360x360.jpg 360w, https:\/\/lebrascommunication.fr\/ventes\/wp-content\/uploads\/sites\/2\/2015\/12\/34-575-Talkies-sans-licence.jpg 1000w\" sizes=\"auto, (max-width: 300px) 100vw, 300px\" \/>\t\t<h2 class=\"woocommerce-loop-category__title bbbb\">\n\t\t<span>\n\t\t\tRadio communication sans licence <mark class=\"count\">(8)<\/mark><\/span>\n\t\t<\/h2>\n\t\t<\/a><\/li>\n<li class=\"product-category product\">\n\t<a aria-label=\"Acc\u00e9der \u00e0 la cat\u00e9gorie de produits Relais et accessoires Motorola\" href=\"https:\/\/lebrascommunication.fr\/ventes\/categorie-produit\/relais-motorola\/\"><img loading=\"lazy\" decoding=\"async\" src=\"https:\/\/lebrascommunication.fr\/ventes\/wp-content\/uploads\/sites\/2\/2016\/11\/224-d9b-Relais-Motorola-300x300.jpg\" alt=\"Relais et accessoires Motorola\" width=\"300\" height=\"300\" srcset=\"https:\/\/lebrascommunication.fr\/ventes\/wp-content\/uploads\/sites\/2\/2016\/11\/224-d9b-Relais-Motorola-300x300.jpg 300w, https:\/\/lebrascommunication.fr\/ventes\/wp-content\/uploads\/sites\/2\/2016\/11\/224-d9b-Relais-Motorola-150x150.jpg 150w, https:\/\/lebrascommunication.fr\/ventes\/wp-content\/uploads\/sites\/2\/2016\/11\/224-d9b-Relais-Motorola-768x768.jpg 768w, https:\/\/lebrascommunication.fr\/ventes\/wp-content\/uploads\/sites\/2\/2016\/11\/224-d9b-Relais-Motorola-624x624.jpg 624w, https:\/\/lebrascommunication.fr\/ventes\/wp-content\/uploads\/sites\/2\/2016\/11\/224-d9b-Relais-Motorola-600x600.jpg 600w, https:\/\/lebrascommunication.fr\/ventes\/wp-content\/uploads\/sites\/2\/2016\/11\/224-d9b-Relais-Motorola-360x360.jpg 360w, https:\/\/lebrascommunication.fr\/ventes\/wp-content\/uploads\/sites\/2\/2016\/11\/224-d9b-Relais-Motorola.jpg 900w\" sizes=\"auto, (max-width: 300px) 100vw, 300px\" \/>\t\t<h2 class=\"woocommerce-loop-category__title bbbb\">\n\t\t<span>\n\t\t\tRelais et accessoires Motorola <mark class=\"count\">(66)<\/mark><\/span>\n\t\t<\/h2>\n\t\t<\/a><\/li>\n<li class=\"product-category product\">\n\t<a aria-label=\"Acc\u00e9der \u00e0 la cat\u00e9gorie de produits Talkies et accessoires Motorola\" href=\"https:\/\/lebrascommunication.fr\/ventes\/categorie-produit\/talkies-pro-motorola\/\"><img loading=\"lazy\" decoding=\"async\" src=\"https:\/\/lebrascommunication.fr\/ventes\/wp-content\/uploads\/sites\/2\/2016\/11\/224-d9b-Relais-Motorola-300x300.jpg\" alt=\"Talkies et accessoires Motorola\" width=\"300\" height=\"300\" srcset=\"https:\/\/lebrascommunication.fr\/ventes\/wp-content\/uploads\/sites\/2\/2016\/11\/224-d9b-Relais-Motorola-300x300.jpg 300w, https:\/\/lebrascommunication.fr\/ventes\/wp-content\/uploads\/sites\/2\/2016\/11\/224-d9b-Relais-Motorola-150x150.jpg 150w, https:\/\/lebrascommunication.fr\/ventes\/wp-content\/uploads\/sites\/2\/2016\/11\/224-d9b-Relais-Motorola-768x768.jpg 768w, https:\/\/lebrascommunication.fr\/ventes\/wp-content\/uploads\/sites\/2\/2016\/11\/224-d9b-Relais-Motorola-624x624.jpg 624w, https:\/\/lebrascommunication.fr\/ventes\/wp-content\/uploads\/sites\/2\/2016\/11\/224-d9b-Relais-Motorola-600x600.jpg 600w, https:\/\/lebrascommunication.fr\/ventes\/wp-content\/uploads\/sites\/2\/2016\/11\/224-d9b-Relais-Motorola-360x360.jpg 360w, https:\/\/lebrascommunication.fr\/ventes\/wp-content\/uploads\/sites\/2\/2016\/11\/224-d9b-Relais-Motorola.jpg 900w\" sizes=\"auto, (max-width: 300px) 100vw, 300px\" \/>\t\t<h2 class=\"woocommerce-loop-category__title bbbb\">\n\t\t<span>\n\t\t\tTalkies et accessoires Motorola <mark class=\"count\">(21)<\/mark><\/span>\n\t\t<\/h2>\n\t\t<\/a><\/li>\n<\/ul>\n<\/div>\n","protected":false},"excerpt":{"rendered":"","protected":false},"author":1,"featured_media":0,"comment_status":"closed","ping_status":"closed","sticky":false,"template":"","format":"standard","meta":{"footnotes":""},"categories":[27],"tags":[],"class_list":["post-3273","post","type-post","status-publish","format-standard","hentry","category-accueil"],"_links":{"self":[{"href":"https:\/\/lebrascommunication.fr\/ventes\/wp-json\/wp\/v2\/posts\/3273","targetHints":{"allow":["GET"]}}],"collection":[{"href":"https:\/\/lebrascommunication.fr\/ventes\/wp-json\/wp\/v2\/posts"}],"about":[{"href":"https:\/\/lebrascommunication.fr\/ventes\/wp-json\/wp\/v2\/types\/post"}],"author":[{"embeddable":true,"href":"https:\/\/lebrascommunication.fr\/ventes\/wp-json\/wp\/v2\/users\/1"}],"replies":[{"embeddable":true,"href":"https:\/\/lebrascommunication.fr\/ventes\/wp-json\/wp\/v2\/comments?post=3273"}],"version-history":[{"count":4,"href":"https:\/\/lebrascommunication.fr\/ventes\/wp-json\/wp\/v2\/posts\/3273\/revisions"}],"predecessor-version":[{"id":3276,"href":"https:\/\/lebrascommunication.fr\/ventes\/wp-json\/wp\/v2\/posts\/3273\/revisions\/3276"}],"wp:attachment":[{"href":"https:\/\/lebrascommunication.fr\/ventes\/wp-json\/wp\/v2\/media?parent=3273"}],"wp:term":[{"taxonomy":"category","embeddable":true,"href":"https:\/\/lebrascommunication.fr\/ventes\/wp-json\/wp\/v2\/categories?post=3273"},{"taxonomy":"post_tag","embeddable":true,"href":"https:\/\/lebrascommunication.fr\/ventes\/wp-json\/wp\/v2\/tags?post=3273"}],"curies":[{"name":"wp","href":"https:\/\/api.w.org\/{rel}","templated":true}]}}